{"id":268,"date":"2020-08-12T06:46:52","date_gmt":"2020-08-12T06:46:52","guid":{"rendered":"https:\/\/www.2mares.es\/blog\/?p=268"},"modified":"2020-08-12T06:47:12","modified_gmt":"2020-08-12T06:47:12","slug":"como-decoro-mi-apartamento-de-playa-para-alquilarlo","status":"publish","type":"post","link":"https:\/\/www.2mares.es\/blog\/como-decoro-mi-apartamento-de-playa-para-alquilarlo\/","title":{"rendered":"\u00bf COMO DECORO MI APARTAMENTO DE PLAYA PARA ALQUILARLO?"},"content":{"rendered":"\n<p>Hoy vamos a hablarte de como decorar tu apartamento de la playa para poder disfrutarlo y alquilarlo a la vez.<\/p>\n\n\n\n<p>Cada vez somos m\u00e1s las personas que decidimos obtener una rentabilidad de los periodos en los que no podemos disfrutar de nuestra casa de vacaciones.<\/p>\n\n\n\n<p>Una de las decisiones m\u00e1s dif\u00edciles\nes la de elegir mobiliario y decoraci\u00f3n, ya que, por un lado tiene\nque ser de nuestro agrado, pero tambi\u00e9n nos surge el miedo a gastar\ndemasiado y que nuestros inquilinos no cuiden de nuestra inversi\u00f3n.<\/p>\n\n\n\n<p><a href=\"https:\/\/www.2mares.es\/\">Inmobiliaria 2 Mares<\/a> quiere darte unos sencillos tips para acertar con la decoraci\u00f3n de tu casa en la Costa de Cartagena:<\/p>\n\n\n\n<ol><li>COMPRA POCO MOBILIARIO <\/li><\/ol>\n\n\n\n<p>Cuando estamos de\nvacaciones en la playa, son muy pocos los ratos que utilizamos la\nvivienda. Cuanto menos muebles haya, m\u00e1s espacioso se ver\u00e1 y m\u00e1s\nfuncional ser\u00e1.<\/p>\n\n\n\n<p>Es una buena opci\u00f3n poner un sof\u00e1 cama en el sal\u00f3n en lugar de uno convencional, puedes aumentar en 2 personas la capacidad del apartamento sin reducir espacios.<\/p>\n\n\n\n<p>2. PINTA PAREDES EN TONOS \u201cLIMPIOS Y FRESCOS\u201d <\/p>\n\n\n\n<p>Los tonos claros,\ndando prioridad al blanco, son los que m\u00e1s luminosidad aportan. \n<\/p>\n\n\n\n<p>Aunque todo color que aporte claridad ser\u00e1 bien recibido, el blanco es el color ideal para potenciar la luz, y en el que m\u00e1s sencillo te ser\u00e1 reparar desperfectos.<\/p>\n\n\n\n<p>3. NO COLOQUES MUCHOS ADORNOS   <\/p>\n\n\n\n<p>La vacaciones en\nla playa, deben ser sin\u00f3nimo de descanso, colocar muchos adornos\nsobre los muebles complica la limpieza diaria y no aporta ninguna\nutilidad a la vivienda.<\/p>\n\n\n\n<p>Puedes colocar l\u00e1minas y fotograf\u00edas con motivos marineros en las paredes, son una opci\u00f3n econ\u00f3mica y compatible con casi cualquier decoraci\u00f3n.<\/p>\n\n\n\n<p>4. \u201cENFUNDA\u201d LOS SOF\u00c1S <\/p>\n\n\n\n<p>Comprar fundas nuevas para los cojines y sof\u00e1s, no s\u00f3lo dar\u00e1 una mejor impresi\u00f3n a los inquilinos, adem\u00e1s evitar\u00e1 que con el uso se deterioren antes de tiempo y har\u00e1 mucho m\u00e1s f\u00e1cil mantenerlos limpios.<\/p>\n\n\n\n<p>5. POTENCIA LAS VISTAS <\/p>\n\n\n\n<p>Tanto propietario\ncomo inquilino, lo que buscan al ir a un apartamento en la Costa de\nCartagena, es disfrutar de lo que no tienen durante el a\u00f1o: una\nterraza con vistas al mar o, al menos, donde llegue la brisa del mar.<\/p>\n\n\n\n<p>Invertir en un mobiliario de exterior c\u00f3modo y resistente a la erosi\u00f3n siempre es una buena idea. <\/p>\n\n\n\n<p>No te pierdas nuestras propiedades, consejos y art\u00edculos de inter\u00e9s inmobiliario. \u00a1S\u00edguenos en <a href=\"https:\/\/www.facebook.com\/2maresInmobiliaria\/\">Facebook<\/a>!<\/p>\n","protected":false},"excerpt":{"rendered":"<p>Hoy vamos a hablarte de como decorar tu apartamento de la playa para poder disfrutarlo y alquilarlo a la vez. Cada vez somos m\u00e1s las personas que decidimos obtener una rentabilidad de los periodos en los que no podemos disfrutar de nuestra casa de vacaciones. Una de las decisiones m\u00e1s dif\u00edciles es la de elegir [&hellip;]<\/p>\n","protected":false},"author":1,"featured_media":269,"comment_status":"open","ping_status":"open","sticky":false,"template":"","format":"standard","meta":{"_et_pb_use_builder":"","_et_pb_old_content":""},"categories":[3],"tags":[],"yoast_head":"<!-- This site is optimized with the Yoast SEO plugin v15.7 - https:\/\/yoast.com\/wordpress\/plugins\/seo\/ -->\n<title>DECORAR TU APARTAMENTO DE PLAYA<\/title>\n<meta name=\"description\" content=\"Hoy vamos a hablarte de como decorar tu apartamento de la playa para poder disfrutarlo y alquilarlo a la vez. Consejos de Inmobiliaria 2 Mares Cartagena.\" \/>\n<meta name=\"robots\" content=\"index, follow, max-snippet:-1, max-image-preview:large, max-video-preview:-1\" \/>\n<link rel=\"canonical\" href=\"https:\/\/www.2mares.es\/blog\/como-decoro-mi-apartamento-de-playa-para-alquilarlo\/\" \/>\n<meta property=\"og:locale\" content=\"es_ES\" \/>\n<meta property=\"og:type\" content=\"article\" \/>\n<meta property=\"og:title\" content=\"DECORAR TU APARTAMENTO DE PLAYA\" \/>\n<meta property=\"og:description\" content=\"Hoy vamos a hablarte de como decorar tu apartamento de la playa para poder disfrutarlo y alquilarlo a la vez. Consejos de Inmobiliaria 2 Mares Cartagena.\" \/>\n<meta property=\"og:url\" content=\"https:\/\/www.2mares.es\/blog\/como-decoro-mi-apartamento-de-playa-para-alquilarlo\/\" \/>\n<meta property=\"og:site_name\" content=\"Inmobiliaria Cartagena | Venta y alquiler | La Union, Los Belones. Casas Murcia.\" \/>\n<meta property=\"article:published_time\" content=\"2020-08-12T06:46:52+00:00\" \/>\n<meta property=\"article:modified_time\" content=\"2020-08-12T06:47:12+00:00\" \/>\n<meta property=\"og:image\" content=\"https:\/\/www.2mares.es\/blog\/wp-content\/uploads\/2020\/08\/aparatamento-marta-1024x576.png\" \/>\n\t<meta property=\"og:image:width\" content=\"1024\" \/>\n\t<meta property=\"og:image:height\" content=\"576\" \/>\n<meta name=\"twitter:card\" content=\"summary_large_image\" \/>\n<meta name=\"twitter:label1\" content=\"Tiempo de lectura\">\n\t<meta name=\"twitter:data1\" content=\"2 minutos\">\n<script type=\"application\/ld+json\" class=\"yoast-schema-graph\">{\"@context\":\"https:\/\/schema.org\",\"@graph\":[{\"@type\":\"WebSite\",\"@id\":\"https:\/\/www.2mares.es\/blog\/#website\",\"url\":\"https:\/\/www.2mares.es\/blog\/\",\"name\":\"Inmobiliaria Cartagena | Venta y alquiler | La Union, Los Belones. Casas Murcia.\",\"description\":\"2mares\",\"potentialAction\":[{\"@type\":\"SearchAction\",\"target\":\"https:\/\/www.2mares.es\/blog\/?s={search_term_string}\",\"query-input\":\"required name=search_term_string\"}],\"inLanguage\":\"es\"},{\"@type\":\"ImageObject\",\"@id\":\"https:\/\/www.2mares.es\/blog\/como-decoro-mi-apartamento-de-playa-para-alquilarlo\/#primaryimage\",\"inLanguage\":\"es\",\"url\":\"https:\/\/www.2mares.es\/blog\/wp-content\/uploads\/2020\/08\/aparatamento-marta.png\",\"width\":1920,\"height\":1080},{\"@type\":\"WebPage\",\"@id\":\"https:\/\/www.2mares.es\/blog\/como-decoro-mi-apartamento-de-playa-para-alquilarlo\/#webpage\",\"url\":\"https:\/\/www.2mares.es\/blog\/como-decoro-mi-apartamento-de-playa-para-alquilarlo\/\",\"name\":\"DECORAR TU APARTAMENTO DE PLAYA\",\"isPartOf\":{\"@id\":\"https:\/\/www.2mares.es\/blog\/#website\"},\"primaryImageOfPage\":{\"@id\":\"https:\/\/www.2mares.es\/blog\/como-decoro-mi-apartamento-de-playa-para-alquilarlo\/#primaryimage\"},\"datePublished\":\"2020-08-12T06:46:52+00:00\",\"dateModified\":\"2020-08-12T06:47:12+00:00\",\"author\":{\"@id\":\"https:\/\/www.2mares.es\/blog\/#\/schema\/person\/867089d65b439db1f9bac1ae0870e53b\"},\"description\":\"Hoy vamos a hablarte de como decorar tu apartamento de la playa para poder disfrutarlo y alquilarlo a la vez. Consejos de Inmobiliaria 2 Mares Cartagena.\",\"inLanguage\":\"es\",\"potentialAction\":[{\"@type\":\"ReadAction\",\"target\":[\"https:\/\/www.2mares.es\/blog\/como-decoro-mi-apartamento-de-playa-para-alquilarlo\/\"]}]},{\"@type\":\"Person\",\"@id\":\"https:\/\/www.2mares.es\/blog\/#\/schema\/person\/867089d65b439db1f9bac1ae0870e53b\",\"name\":\"Inmobiliaria 2 Mares Cartagena\",\"image\":{\"@type\":\"ImageObject\",\"@id\":\"https:\/\/www.2mares.es\/blog\/#personlogo\",\"inLanguage\":\"es\",\"url\":\"https:\/\/secure.gravatar.com\/avatar\/0ccd99c6bb4848b6e8ad95a0bd390d7b?s=96&d=mm&r=g\",\"caption\":\"Inmobiliaria 2 Mares Cartagena\"},\"sameAs\":[\"http:\/\/www.2mares.es\"]}]}<\/script>\n<!-- \/ Yoast SEO plugin. -->","_links":{"self":[{"href":"https:\/\/www.2mares.es\/blog\/wp-json\/wp\/v2\/posts\/268"}],"collection":[{"href":"https:\/\/www.2mares.es\/blog\/wp-json\/wp\/v2\/posts"}],"about":[{"href":"https:\/\/www.2mares.es\/blog\/wp-json\/wp\/v2\/types\/post"}],"author":[{"embeddable":true,"href":"https:\/\/www.2mares.es\/blog\/wp-json\/wp\/v2\/users\/1"}],"replies":[{"embeddable":true,"href":"https:\/\/www.2mares.es\/blog\/wp-json\/wp\/v2\/comments?post=268"}],"version-history":[{"count":1,"href":"https:\/\/www.2mares.es\/blog\/wp-json\/wp\/v2\/posts\/268\/revisions"}],"predecessor-version":[{"id":270,"href":"https:\/\/www.2mares.es\/blog\/wp-json\/wp\/v2\/posts\/268\/revisions\/270"}],"wp:featuredmedia":[{"embeddable":true,"href":"https:\/\/www.2mares.es\/blog\/wp-json\/wp\/v2\/media\/269"}],"wp:attachment":[{"href":"https:\/\/www.2mares.es\/blog\/wp-json\/wp\/v2\/media?parent=268"}],"wp:term":[{"taxonomy":"category","embeddable":true,"href":"https:\/\/www.2mares.es\/blog\/wp-json\/wp\/v2\/categories?post=268"},{"taxonomy":"post_tag","embeddable":true,"href":"https:\/\/www.2mares.es\/blog\/wp-json\/wp\/v2\/tags?post=268"}],"curies":[{"name":"wp","href":"https:\/\/api.w.org\/{rel}","templated":true}]}}